{"id":9527,"date":"2017-01-26T14:46:00","date_gmt":"2017-01-26T14:46:00","guid":{"rendered":"http:\/\/tractopart.com\/sp\/?p=9527"},"modified":"2017-01-26T14:46:00","modified_gmt":"2017-01-26T14:46:00","slug":"pacto-interministerial-evitara-efecto-negativo-en-mineria-en-ecuador","status":"publish","type":"post","link":"https:\/\/tractopart.com\/sp\/pacto-interministerial-evitara-efecto-negativo-en-mineria-en-ecuador\/","title":{"rendered":"Pacto interministerial evitar\u00e1 efecto negativo en miner\u00eda en Ecuador"},"content":{"rendered":"<div class=\"fullNewsIntrotext\"><\/div>\n<div class=\"fullNewsIntrotext\"><a href=\"http:\/\/tractopart.com\/sp\/wp-content\/uploads\/2017\/01\/descarga-21.jpg\"><img fetchpriority=\"high\" decoding=\"async\" class=\"aligncenter size-full wp-image-9529\" src=\"http:\/\/tractopart.com\/sp\/wp-content\/uploads\/2017\/01\/descarga-21.jpg\" alt=\"descarga (21)\" width=\"281\" height=\"180\" srcset=\"https:\/\/tractopart.com\/sp\/wp-content\/uploads\/2017\/01\/descarga-21.jpg 281w, https:\/\/tractopart.com\/sp\/wp-content\/uploads\/2017\/01\/descarga-21-279x180.jpg 279w\" sizes=\"(max-width: 281px) 100vw, 281px\" \/><\/a><\/div>\n<div class=\"fullNewsIntrotext\"><\/div>\n<div class=\"fullNewsIntrotext\">Un acuerdo interministerial permitir\u00e1 dar seguridad y disminuir los impactos negativos (ambientales, econ\u00f3micos y sociales), provocados por actividades informales minero forestales en Ecuador.<\/div>\n<p>&nbsp;<\/p>\n<div class=\"fullNewsFulltext\">Directivos de las carteras de Miner\u00eda, Transporte y Obras P\u00fablicas, as\u00ed como Ambiente, fueron los encargados de suscribir el convenio que promueve la implementaci\u00f3n de dispositivos de seguridad satelital (GPS) para equipamiento involucrado en actividades mineras y forestales, a nivel nacional.Seg\u00fan resalta una nota de prensa del Ministerio de Miner\u00eda, &#8216;(&#8230;) las comercializadoras de maquinaria y equipo pesado minero y forestal deber\u00e1n entregar a los nuevos propietarios, maquinaria con los dispositivos de rastreo satelital ya instalados&#8217;.<\/p>\n<p>El Sistema de Posicionamiento Global (GPS, por sus siglas en ingl\u00e9s) permitir\u00e1 a quienes operen ese tipo de maquinaria, llevar a cabo sus labores de forma m\u00e1s eficiente y segura.<\/p>\n<p>La informaci\u00f3n adelant\u00f3 que la Agencia de Regulaci\u00f3n de Control Minero, la Direcci\u00f3n Nacional Forestal y las empresas proveedoras, verificar\u00e1n que en el 2017, el equipo pesado cuya actividad sea la movilizaci\u00f3n y aprovechamiento de minerales met\u00e1licos, no met\u00e1licos y forestales, utilicen el dispositivo.<\/p>\n<p>Con ese fin, los due\u00f1os de las maquinarias y de equipos mineros y forestales, deben tener la certificaci\u00f3n entregada por el proveedor del servicio, lo cual ser\u00e1 un requisito obligatorio para obtener o renovar la matr\u00edcula, proceso previsto para el primer bimestre de este a\u00f1o.<\/p>\n<p>Al mismo tiempo, las comercializadoras deber\u00e1n entregar a los nuevos propietarios, maquinaria que cuenten con los dispositivos de rastreo satelital ya instalados.<\/p>\n<p>&#8216;Con la puesta en marcha de este sistema de monitoreo estamos a la vanguardia de la tecnolog\u00eda satelital que fomenta el desarrollo de labores mineras y forestales de forma responsable y segura&#8217;, insisti\u00f3 el Ministerio de Mineria<\/p>\n<\/div>\n<p>Fuente:\u00a0http:\/\/www.prensa-latina.cu\/index.php?o=rn&amp;id=58964&amp;SEO=pacto-interministerial-evitara-efecto-negativo-en-mineria-en-ecuador<\/p>\n","protected":false},"excerpt":{"rendered":"<p>Un acuerdo interministerial permitir\u00e1 dar seguridad y disminuir los impactos negativos (ambientales, econ\u00f3micos y sociales), provocados por actividades informales minero forestales en Ecuador. &nbsp; Directivos de las carteras de Miner\u00eda, Transporte y Obras P\u00fablicas, as\u00ed como Ambiente, fueron los encargados de suscribir el convenio que promueve la implementaci\u00f3n de dispositivos de seguridad satelital (GPS) para<\/p>\n","protected":false},"author":13,"featured_media":9529,"comment_status":"closed","ping_status":"closed","sticky":false,"template":"","format":"standard","meta":{"footnotes":""},"categories":[236],"tags":[298,239],"class_list":["post-9527","post","type-post","status-publish","format-standard","has-post-thumbnail","hentry","category-news","tag-ecuador","tag-mineria"],"aioseo_notices":[],"aioseo_head":"\n\t\t<!-- All in One SEO 5.0.1.1 - aioseo.com -->\n\t<meta name=\"description\" content=\"Un acuerdo interministerial permitir\u00e1 dar seguridad y disminuir los impactos negativos (ambientales, econ\u00f3micos y sociales), provocados por actividades informales minero forestales en Ecuador. Directivos de las carteras de Miner\u00eda, Transporte y Obras P\u00fablicas, as\u00ed como Ambiente, fueron los encargados de suscribir el convenio que promueve la implementaci\u00f3n de dispositivos de seguridad satelital (GPS) para\" \/>\n\t<meta name=\"robots\" content=\"max-image-preview:large\" \/>\n\t<meta name=\"author\" content=\"Admin\"\/>\n\t<link rel=\"canonical\" href=\"https:\/\/tractopart.com\/sp\/pacto-interministerial-evitara-efecto-negativo-en-mineria-en-ecuador\/\" \/>\n\t<meta name=\"generator\" content=\"All in One SEO (AIOSEO) 5.0.1.1\" \/>\n\t\t<meta property=\"og:locale\" content=\"es_ES\" \/>\n\t\t<meta property=\"og:site_name\" content=\"Tractopart | \u00a1Tenemos todo menos gasolina!\" \/>\n\t\t<meta property=\"og:type\" content=\"article\" \/>\n\t\t<meta property=\"og:title\" content=\"Pacto interministerial evitar\u00e1 efecto negativo en miner\u00eda en Ecuador | Tractopart\" \/>\n\t\t<meta property=\"og:description\" content=\"Un acuerdo interministerial permitir\u00e1 dar seguridad y disminuir los impactos negativos (ambientales, econ\u00f3micos y sociales), provocados por actividades informales minero forestales en Ecuador. Directivos de las carteras de Miner\u00eda, Transporte y Obras P\u00fablicas, as\u00ed como Ambiente, fueron los encargados de suscribir el convenio que promueve la implementaci\u00f3n de dispositivos de seguridad satelital (GPS) para\" \/>\n\t\t<meta property=\"og:url\" content=\"https:\/\/tractopart.com\/sp\/pacto-interministerial-evitara-efecto-negativo-en-mineria-en-ecuador\/\" \/>\n\t\t<meta property=\"article:published_time\" content=\"2017-01-26T14:46:00+00:00\" \/>\n\t\t<meta property=\"article:modified_time\" content=\"2017-01-26T14:46:00+00:00\" \/>\n\t\t<meta name=\"twitter:card\" content=\"summary\" \/>\n\t\t<meta name=\"twitter:title\" content=\"Pacto interministerial evitar\u00e1 efecto negativo en miner\u00eda en Ecuador | Tractopart\" \/>\n\t\t<meta name=\"twitter:description\" content=\"Un acuerdo interministerial permitir\u00e1 dar seguridad y disminuir los impactos negativos (ambientales, econ\u00f3micos y sociales), provocados por actividades informales minero forestales en Ecuador. Directivos de las carteras de Miner\u00eda, Transporte y Obras P\u00fablicas, as\u00ed como Ambiente, fueron los encargados de suscribir el convenio que promueve la implementaci\u00f3n de dispositivos de seguridad satelital (GPS) para\" \/>\n\t\t<script type=\"application\/ld+json\" class=\"aioseo-schema\">\n\t\t\t{\"@context\":\"https:\\\/\\\/schema.org\",\"@graph\":[{\"@type\":\"Article\",\"@id\":\"https:\\\/\\\/tractopart.com\\\/sp\\\/pacto-interministerial-evitara-efecto-negativo-en-mineria-en-ecuador\\\/#article\",\"name\":\"Pacto interministerial evitar\\u00e1 efecto negativo en miner\\u00eda en Ecuador | Tractopart\",\"headline\":\"Pacto interministerial evitar\\u00e1 efecto negativo en miner\\u00eda en Ecuador\",\"author\":{\"@id\":\"https:\\\/\\\/tractopart.com\\\/sp\\\/author\\\/admin\\\/#author\"},\"publisher\":{\"@id\":\"https:\\\/\\\/tractopart.com\\\/sp\\\/#organization\"},\"image\":{\"@type\":\"ImageObject\",\"url\":\"https:\\\/\\\/tractopart.com\\\/sp\\\/wp-content\\\/uploads\\\/2017\\\/01\\\/descarga-21.jpg\",\"width\":281,\"height\":180},\"datePublished\":\"2017-01-26T14:46:00+00:00\",\"dateModified\":\"2017-01-26T14:46:00+00:00\",\"inLanguage\":\"es-ES\",\"mainEntityOfPage\":{\"@id\":\"https:\\\/\\\/tractopart.com\\\/sp\\\/pacto-interministerial-evitara-efecto-negativo-en-mineria-en-ecuador\\\/#webpage\"},\"isPartOf\":{\"@id\":\"https:\\\/\\\/tractopart.com\\\/sp\\\/pacto-interministerial-evitara-efecto-negativo-en-mineria-en-ecuador\\\/#webpage\"},\"articleSection\":\"News, ECUADOR, mineria\"},{\"@type\":\"BreadcrumbList\",\"@id\":\"https:\\\/\\\/tractopart.com\\\/sp\\\/pacto-interministerial-evitara-efecto-negativo-en-mineria-en-ecuador\\\/#breadcrumblist\",\"itemListElement\":[{\"@type\":\"ListItem\",\"@id\":\"https:\\\/\\\/tractopart.com\\\/sp#listItem\",\"position\":1,\"name\":\"Inicio\",\"item\":\"https:\\\/\\\/tractopart.com\\\/sp\",\"nextItem\":{\"@type\":\"ListItem\",\"@id\":\"https:\\\/\\\/tractopart.com\\\/sp\\\/category\\\/news\\\/#listItem\",\"name\":\"News\"}},{\"@type\":\"ListItem\",\"@id\":\"https:\\\/\\\/tractopart.com\\\/sp\\\/category\\\/news\\\/#listItem\",\"position\":2,\"name\":\"News\",\"item\":\"https:\\\/\\\/tractopart.com\\\/sp\\\/category\\\/news\\\/\",\"nextItem\":{\"@type\":\"ListItem\",\"@id\":\"https:\\\/\\\/tractopart.com\\\/sp\\\/pacto-interministerial-evitara-efecto-negativo-en-mineria-en-ecuador\\\/#listItem\",\"name\":\"Pacto interministerial evitar\\u00e1 efecto negativo en miner\\u00eda en Ecuador\"},\"previousItem\":{\"@type\":\"ListItem\",\"@id\":\"https:\\\/\\\/tractopart.com\\\/sp#listItem\",\"name\":\"Inicio\"}},{\"@type\":\"ListItem\",\"@id\":\"https:\\\/\\\/tractopart.com\\\/sp\\\/pacto-interministerial-evitara-efecto-negativo-en-mineria-en-ecuador\\\/#listItem\",\"position\":3,\"name\":\"Pacto interministerial evitar\\u00e1 efecto negativo en miner\\u00eda en Ecuador\",\"previousItem\":{\"@type\":\"ListItem\",\"@id\":\"https:\\\/\\\/tractopart.com\\\/sp\\\/category\\\/news\\\/#listItem\",\"name\":\"News\"}}]},{\"@type\":\"Organization\",\"@id\":\"https:\\\/\\\/tractopart.com\\\/sp\\\/#organization\",\"name\":\"Tractopart\",\"description\":\"\\u00a1Tenemos todo menos gasolina!\",\"url\":\"https:\\\/\\\/tractopart.com\\\/sp\\\/\"},{\"@type\":\"Person\",\"@id\":\"https:\\\/\\\/tractopart.com\\\/sp\\\/author\\\/admin\\\/#author\",\"url\":\"https:\\\/\\\/tractopart.com\\\/sp\\\/author\\\/admin\\\/\",\"name\":\"Admin\",\"image\":{\"@type\":\"ImageObject\",\"@id\":\"https:\\\/\\\/tractopart.com\\\/sp\\\/pacto-interministerial-evitara-efecto-negativo-en-mineria-en-ecuador\\\/#authorImage\",\"url\":\"https:\\\/\\\/secure.gravatar.com\\\/avatar\\\/300b5fb601d61a3be7c5a7b3914083c91b9ca52b6a64aac2d5d3556e80bb5f7d?s=96&d=mm&r=g\",\"width\":96,\"height\":96,\"caption\":\"Admin\"}},{\"@type\":\"WebPage\",\"@id\":\"https:\\\/\\\/tractopart.com\\\/sp\\\/pacto-interministerial-evitara-efecto-negativo-en-mineria-en-ecuador\\\/#webpage\",\"url\":\"https:\\\/\\\/tractopart.com\\\/sp\\\/pacto-interministerial-evitara-efecto-negativo-en-mineria-en-ecuador\\\/\",\"name\":\"Pacto interministerial evitar\\u00e1 efecto negativo en miner\\u00eda en Ecuador | Tractopart\",\"description\":\"Un acuerdo interministerial permitir\\u00e1 dar seguridad y disminuir los impactos negativos (ambientales, econ\\u00f3micos y sociales), provocados por actividades informales minero forestales en Ecuador. Directivos de las carteras de Miner\\u00eda, Transporte y Obras P\\u00fablicas, as\\u00ed como Ambiente, fueron los encargados de suscribir el convenio que promueve la implementaci\\u00f3n de dispositivos de seguridad satelital (GPS) para\",\"inLanguage\":\"es-ES\",\"isPartOf\":{\"@id\":\"https:\\\/\\\/tractopart.com\\\/sp\\\/#website\"},\"breadcrumb\":{\"@id\":\"https:\\\/\\\/tractopart.com\\\/sp\\\/pacto-interministerial-evitara-efecto-negativo-en-mineria-en-ecuador\\\/#breadcrumblist\"},\"author\":{\"@id\":\"https:\\\/\\\/tractopart.com\\\/sp\\\/author\\\/admin\\\/#author\"},\"creator\":{\"@id\":\"https:\\\/\\\/tractopart.com\\\/sp\\\/author\\\/admin\\\/#author\"},\"image\":{\"@type\":\"ImageObject\",\"url\":\"https:\\\/\\\/tractopart.com\\\/sp\\\/wp-content\\\/uploads\\\/2017\\\/01\\\/descarga-21.jpg\",\"@id\":\"https:\\\/\\\/tractopart.com\\\/sp\\\/pacto-interministerial-evitara-efecto-negativo-en-mineria-en-ecuador\\\/#mainImage\",\"width\":281,\"height\":180},\"primaryImageOfPage\":{\"@id\":\"https:\\\/\\\/tractopart.com\\\/sp\\\/pacto-interministerial-evitara-efecto-negativo-en-mineria-en-ecuador\\\/#mainImage\"},\"datePublished\":\"2017-01-26T14:46:00+00:00\",\"dateModified\":\"2017-01-26T14:46:00+00:00\"},{\"@type\":\"WebSite\",\"@id\":\"https:\\\/\\\/tractopart.com\\\/sp\\\/#website\",\"url\":\"https:\\\/\\\/tractopart.com\\\/sp\\\/\",\"name\":\"Tractopart\",\"description\":\"\\u00a1Tenemos todo menos gasolina!\",\"inLanguage\":\"es-ES\",\"publisher\":{\"@id\":\"https:\\\/\\\/tractopart.com\\\/sp\\\/#organization\"}}]}\n\t\t<\/script>\n\t\t<!-- All in One SEO -->\n\n","aioseo_head_json":{"title":"Pacto interministerial evitar\u00e1 efecto negativo en miner\u00eda en Ecuador | Tractopart","description":"Un acuerdo interministerial permitir\u00e1 dar seguridad y disminuir los impactos negativos (ambientales, econ\u00f3micos y sociales), provocados por actividades informales minero forestales en Ecuador. Directivos de las carteras de Miner\u00eda, Transporte y Obras P\u00fablicas, as\u00ed como Ambiente, fueron los encargados de suscribir el convenio que promueve la implementaci\u00f3n de dispositivos de seguridad satelital (GPS) para","canonical_url":"https:\/\/tractopart.com\/sp\/pacto-interministerial-evitara-efecto-negativo-en-mineria-en-ecuador\/","robots":"max-image-preview:large","keywords":"","webmasterTools":{"miscellaneous":""},"schema":{"@context":"https:\/\/schema.org","@graph":[{"@type":"Article","@id":"https:\/\/tractopart.com\/sp\/pacto-interministerial-evitara-efecto-negativo-en-mineria-en-ecuador\/#article","name":"Pacto interministerial evitar\u00e1 efecto negativo en miner\u00eda en Ecuador | Tractopart","headline":"Pacto interministerial evitar\u00e1 efecto negativo en miner\u00eda en Ecuador","author":{"@id":"https:\/\/tractopart.com\/sp\/author\/admin\/#author"},"publisher":{"@id":"https:\/\/tractopart.com\/sp\/#organization"},"image":{"@type":"ImageObject","url":"https:\/\/tractopart.com\/sp\/wp-content\/uploads\/2017\/01\/descarga-21.jpg","width":281,"height":180},"datePublished":"2017-01-26T14:46:00+00:00","dateModified":"2017-01-26T14:46:00+00:00","inLanguage":"es-ES","mainEntityOfPage":{"@id":"https:\/\/tractopart.com\/sp\/pacto-interministerial-evitara-efecto-negativo-en-mineria-en-ecuador\/#webpage"},"isPartOf":{"@id":"https:\/\/tractopart.com\/sp\/pacto-interministerial-evitara-efecto-negativo-en-mineria-en-ecuador\/#webpage"},"articleSection":"News, ECUADOR, mineria"},{"@type":"BreadcrumbList","@id":"https:\/\/tractopart.com\/sp\/pacto-interministerial-evitara-efecto-negativo-en-mineria-en-ecuador\/#breadcrumblist","itemListElement":[{"@type":"ListItem","@id":"https:\/\/tractopart.com\/sp#listItem","position":1,"name":"Inicio","item":"https:\/\/tractopart.com\/sp","nextItem":{"@type":"ListItem","@id":"https:\/\/tractopart.com\/sp\/category\/news\/#listItem","name":"News"}},{"@type":"ListItem","@id":"https:\/\/tractopart.com\/sp\/category\/news\/#listItem","position":2,"name":"News","item":"https:\/\/tractopart.com\/sp\/category\/news\/","nextItem":{"@type":"ListItem","@id":"https:\/\/tractopart.com\/sp\/pacto-interministerial-evitara-efecto-negativo-en-mineria-en-ecuador\/#listItem","name":"Pacto interministerial evitar\u00e1 efecto negativo en miner\u00eda en Ecuador"},"previousItem":{"@type":"ListItem","@id":"https:\/\/tractopart.com\/sp#listItem","name":"Inicio"}},{"@type":"ListItem","@id":"https:\/\/tractopart.com\/sp\/pacto-interministerial-evitara-efecto-negativo-en-mineria-en-ecuador\/#listItem","position":3,"name":"Pacto interministerial evitar\u00e1 efecto negativo en miner\u00eda en Ecuador","previousItem":{"@type":"ListItem","@id":"https:\/\/tractopart.com\/sp\/category\/news\/#listItem","name":"News"}}]},{"@type":"Organization","@id":"https:\/\/tractopart.com\/sp\/#organization","name":"Tractopart","description":"\u00a1Tenemos todo menos gasolina!","url":"https:\/\/tractopart.com\/sp\/"},{"@type":"Person","@id":"https:\/\/tractopart.com\/sp\/author\/admin\/#author","url":"https:\/\/tractopart.com\/sp\/author\/admin\/","name":"Admin","image":{"@type":"ImageObject","@id":"https:\/\/tractopart.com\/sp\/pacto-interministerial-evitara-efecto-negativo-en-mineria-en-ecuador\/#authorImage","url":"https:\/\/secure.gravatar.com\/avatar\/300b5fb601d61a3be7c5a7b3914083c91b9ca52b6a64aac2d5d3556e80bb5f7d?s=96&d=mm&r=g","width":96,"height":96,"caption":"Admin"}},{"@type":"WebPage","@id":"https:\/\/tractopart.com\/sp\/pacto-interministerial-evitara-efecto-negativo-en-mineria-en-ecuador\/#webpage","url":"https:\/\/tractopart.com\/sp\/pacto-interministerial-evitara-efecto-negativo-en-mineria-en-ecuador\/","name":"Pacto interministerial evitar\u00e1 efecto negativo en miner\u00eda en Ecuador | Tractopart","description":"Un acuerdo interministerial permitir\u00e1 dar seguridad y disminuir los impactos negativos (ambientales, econ\u00f3micos y sociales), provocados por actividades informales minero forestales en Ecuador. Directivos de las carteras de Miner\u00eda, Transporte y Obras P\u00fablicas, as\u00ed como Ambiente, fueron los encargados de suscribir el convenio que promueve la implementaci\u00f3n de dispositivos de seguridad satelital (GPS) para","inLanguage":"es-ES","isPartOf":{"@id":"https:\/\/tractopart.com\/sp\/#website"},"breadcrumb":{"@id":"https:\/\/tractopart.com\/sp\/pacto-interministerial-evitara-efecto-negativo-en-mineria-en-ecuador\/#breadcrumblist"},"author":{"@id":"https:\/\/tractopart.com\/sp\/author\/admin\/#author"},"creator":{"@id":"https:\/\/tractopart.com\/sp\/author\/admin\/#author"},"image":{"@type":"ImageObject","url":"https:\/\/tractopart.com\/sp\/wp-content\/uploads\/2017\/01\/descarga-21.jpg","@id":"https:\/\/tractopart.com\/sp\/pacto-interministerial-evitara-efecto-negativo-en-mineria-en-ecuador\/#mainImage","width":281,"height":180},"primaryImageOfPage":{"@id":"https:\/\/tractopart.com\/sp\/pacto-interministerial-evitara-efecto-negativo-en-mineria-en-ecuador\/#mainImage"},"datePublished":"2017-01-26T14:46:00+00:00","dateModified":"2017-01-26T14:46:00+00:00"},{"@type":"WebSite","@id":"https:\/\/tractopart.com\/sp\/#website","url":"https:\/\/tractopart.com\/sp\/","name":"Tractopart","description":"\u00a1Tenemos todo menos gasolina!","inLanguage":"es-ES","publisher":{"@id":"https:\/\/tractopart.com\/sp\/#organization"}}]},"og:locale":"es_ES","og:site_name":"Tractopart | \u00a1Tenemos todo menos gasolina!","og:type":"article","og:title":"Pacto interministerial evitar\u00e1 efecto negativo en miner\u00eda en Ecuador | Tractopart","og:description":"Un acuerdo interministerial permitir\u00e1 dar seguridad y disminuir los impactos negativos (ambientales, econ\u00f3micos y sociales), provocados por actividades informales minero forestales en Ecuador. Directivos de las carteras de Miner\u00eda, Transporte y Obras P\u00fablicas, as\u00ed como Ambiente, fueron los encargados de suscribir el convenio que promueve la implementaci\u00f3n de dispositivos de seguridad satelital (GPS) para","og:url":"https:\/\/tractopart.com\/sp\/pacto-interministerial-evitara-efecto-negativo-en-mineria-en-ecuador\/","article:published_time":"2017-01-26T14:46:00+00:00","article:modified_time":"2017-01-26T14:46:00+00:00","twitter:card":"summary","twitter:title":"Pacto interministerial evitar\u00e1 efecto negativo en miner\u00eda en Ecuador | Tractopart","twitter:description":"Un acuerdo interministerial permitir\u00e1 dar seguridad y disminuir los impactos negativos (ambientales, econ\u00f3micos y sociales), provocados por actividades informales minero forestales en Ecuador. Directivos de las carteras de Miner\u00eda, Transporte y Obras P\u00fablicas, as\u00ed como Ambiente, fueron los encargados de suscribir el convenio que promueve la implementaci\u00f3n de dispositivos de seguridad satelital (GPS) para"},"aioseo_meta_data":{"post_id":"9527","title":"Pacto interministerial evitar\u00e1 efecto negativo en miner\u00eda en Ecuador | #site_title","description":null,"keywords":[{"label":"mineria","value":"mineria"},{"label":"ecuador","value":"ecuador"}],"keyphrases":null,"canonical_url":null,"og_title":null,"og_description":null,"og_object_type":"default","og_image_type":"default","og_image_url":null,"og_image_width":null,"og_image_height":null,"og_image_custom_url":null,"og_image_custom_fields":null,"og_video":null,"og_custom_url":null,"og_article_section":null,"og_article_tags":null,"twitter_use_og":false,"twitter_card":"default","twitter_image_type":"default","twitter_image_url":null,"twitter_image_custom_url":null,"twitter_image_custom_fields":null,"twitter_title":null,"twitter_description":null,"schema_type":"default","schema_type_options":null,"pillar_content":false,"robots_default":true,"robots_noindex":false,"robots_noarchive":false,"robots_nosnippet":false,"robots_nofollow":false,"robots_noimageindex":false,"robots_noodp":false,"robots_notranslate":false,"robots_max_snippet":null,"robots_max_videopreview":null,"robots_max_imagepreview":"large","tabs":null,"priority":null,"frequency":null,"local_seo":null,"breadcrumb_settings":null,"limit_modified_date":false,"created":"2022-03-16 20:30:30","updated":"2026-05-15 23:47:55","primary_term":null,"schema":{"blockGraphs":[],"customGraphs":[],"default":{"data":{"Article":[],"Course":[],"Dataset":[],"FAQPage":[],"Movie":[],"Person":[],"Product":[],"ProductReview":[],"Car":[],"Recipe":[],"Service":[],"SoftwareApplication":[],"WebPage":[]},"graphName":"Article","isEnabled":true},"graphs":[]},"ai":null,"seo_analyzer_scan_date":null,"focus_keyword":null,"additional_keywords":null,"truseo_locale":null},"aioseo_breadcrumb":"<div class=\"aioseo-breadcrumbs\"><span class=\"aioseo-breadcrumb\">\n\t\t\t<a href=\"https:\/\/tractopart.com\/sp\" title=\"Inicio\">Inicio<\/a>\n\t\t<\/span><span class=\"aioseo-breadcrumb-separator\">&raquo;<\/span><span class=\"aioseo-breadcrumb\">\n\t\t\t<a href=\"https:\/\/tractopart.com\/sp\/category\/news\/\" title=\"News\">News<\/a>\n\t\t<\/span><span class=\"aioseo-breadcrumb-separator\">&raquo;<\/span><span class=\"aioseo-breadcrumb\">\n\t\t\tPacto interministerial evitar\u00e1 efecto negativo en miner\u00eda en Ecuador\n\t\t<\/span><\/div>","aioseo_breadcrumb_json":[{"label":"Inicio","link":"https:\/\/tractopart.com\/sp"},{"label":"News","link":"https:\/\/tractopart.com\/sp\/category\/news\/"},{"label":"Pacto interministerial evitar\u00e1 efecto negativo en miner\u00eda en Ecuador","link":"https:\/\/tractopart.com\/sp\/pacto-interministerial-evitara-efecto-negativo-en-mineria-en-ecuador\/"}],"_links":{"self":[{"href":"https:\/\/tractopart.com\/sp\/wp-json\/wp\/v2\/posts\/9527","targetHints":{"allow":["GET"]}}],"collection":[{"href":"https:\/\/tractopart.com\/sp\/wp-json\/wp\/v2\/posts"}],"about":[{"href":"https:\/\/tractopart.com\/sp\/wp-json\/wp\/v2\/types\/post"}],"author":[{"embeddable":true,"href":"https:\/\/tractopart.com\/sp\/wp-json\/wp\/v2\/users\/13"}],"replies":[{"embeddable":true,"href":"https:\/\/tractopart.com\/sp\/wp-json\/wp\/v2\/comments?post=9527"}],"version-history":[{"count":2,"href":"https:\/\/tractopart.com\/sp\/wp-json\/wp\/v2\/posts\/9527\/revisions"}],"predecessor-version":[{"id":9530,"href":"https:\/\/tractopart.com\/sp\/wp-json\/wp\/v2\/posts\/9527\/revisions\/9530"}],"wp:featuredmedia":[{"embeddable":true,"href":"https:\/\/tractopart.com\/sp\/wp-json\/wp\/v2\/media\/9529"}],"wp:attachment":[{"href":"https:\/\/tractopart.com\/sp\/wp-json\/wp\/v2\/media?parent=9527"}],"wp:term":[{"taxonomy":"category","embeddable":true,"href":"https:\/\/tractopart.com\/sp\/wp-json\/wp\/v2\/categories?post=9527"},{"taxonomy":"post_tag","embeddable":true,"href":"https:\/\/tractopart.com\/sp\/wp-json\/wp\/v2\/tags?post=9527"}],"curies":[{"name":"wp","href":"https:\/\/api.w.org\/{rel}","templated":true}]}}