{"id":7682,"date":"2016-05-16T15:17:57","date_gmt":"2016-05-16T15:17:57","guid":{"rendered":"http:\/\/tractopart.com\/sp\/?p=7682"},"modified":"2016-05-16T15:17:57","modified_gmt":"2016-05-16T15:17:57","slug":"mexico-mayor-proteccion-trabajadores-mineros-la-construccion","status":"publish","type":"post","link":"https:\/\/tractopart.com\/sp\/mexico-mayor-proteccion-trabajadores-mineros-la-construccion\/","title":{"rendered":"MEXICO: Mayor proteccion trabajadores mineros la construccion"},"content":{"rendered":"<p>&nbsp;<\/p>\n<p><img decoding=\"async\" src=\"https:\/\/www.quadratin.com.mx\/www\/contenido\/uploads\/2016\/05\/trabajo_construccion-450x300.jpg\" alt=\"trabajo_construccion\" \/><\/p>\n<p>Tanto la industria de la construcci\u00f3n como la minera est\u00e1n consideradas como dos de las actividades laborales de mayor riesgo a nivel nacional, por lo que es indispensable impulsar programas de protecci\u00f3n para sus trabajadores, afirm\u00f3 la vicecoordinadora de Nueva Alianza, Soralla Ba\u00f1uelos de la Torre. De acuerdo con un comunicado, ello, dijo, con el prop\u00f3sito de que quienes trabajan en estos espacios obtengan informaci\u00f3n acerca de sus derechos laborales, tengan mayores condiciones de seguridad en sus lugares de trabajo, as\u00ed como garant\u00edas de acceso a la salud y seguridad social, a fin de elevar su calidad de vida. Ba\u00f1uelos de la Torre se\u00f1al\u00f3 que los trabajadores de este tipo de industrias son m\u00e1s propensos a sufrir incidentes y enfermedades, adem\u00e1s de que realizan largas jornadas de trabajo, reciben \u00ednfimos salarios y no cuentan con seguridad social. Por lo anterior, subray\u00f3, \u201ces necesario reforzar los mecanismos de protecci\u00f3n para que el sector que labora en la industria de la extracci\u00f3n de minerales, de fundici\u00f3n de hierro y acero, as\u00ed como de la construcci\u00f3n puedan contar con servicios eficientes y especializados de salud\u201d. La legisladora zacatecana refiri\u00f3 que seg\u00fan cifras del Instituto Mexicano del Seguro Social (IMSS), en el pa\u00eds anualmente se registran alrededor de 346 mil accidentes de trabajo, 5 mil personas se enferman a causa de su labor y mil mueren desempe\u00f1ando su trabajo. Aunado a ello, puntualiz\u00f3 que entre las lesiones m\u00e1s recurrentes se encuentran fracturas, quemaduras, intoxicaciones, luxaciones, esguinces, desgarres, amputaciones, incluso traumatismos intracraneales que han cobrado la vida del trabajador. Se\u00f1al\u00f3 que ante la falta de datos espec\u00edficos sobre cu\u00e1ntos trabajadores de la industria construcci\u00f3n y minera mueren anualmente, no se hace visible este sector vulnerable de trabajadores.<\/p>\n<p>fuente:\u00a0https:\/\/www.quadratin.com.mx\/politica\/Mayor-proteccion-trabajadores-mineros-la-construccion\/https:\/\/www.quadratin.com.mx\/politica\/Mayor-proteccion-trabajadores-mineros-la-construccion\/<\/p>\n","protected":false},"excerpt":{"rendered":"<p>&nbsp; Tanto la industria de la construcci\u00f3n como la minera est\u00e1n consideradas como dos de las actividades laborales de mayor riesgo a nivel nacional, por lo que es indispensable impulsar programas de protecci\u00f3n para sus trabajadores, afirm\u00f3 la vicecoordinadora de Nueva Alianza, Soralla Ba\u00f1uelos de la Torre. De acuerdo con un comunicado, ello, dijo, con<\/p>\n","protected":false},"author":13,"featured_media":7685,"comment_status":"open","ping_status":"open","sticky":false,"template":"","format":"standard","meta":{"footnotes":""},"categories":[236],"tags":[242,257],"class_list":["post-7682","post","type-post","status-publish","format-standard","has-post-thumbnail","hentry","category-news","tag-construccion","tag-mexico"],"aioseo_notices":[],"aioseo_head":"\n\t\t<!-- All in One SEO 5.0.1.1 - aioseo.com -->\n\t<meta name=\"description\" content=\"Tanto la industria de la construcci\u00f3n como la minera est\u00e1n consideradas como dos de las actividades laborales de mayor riesgo a nivel nacional, por lo que es indispensable impulsar programas de protecci\u00f3n para sus trabajadores, afirm\u00f3 la vicecoordinadora de Nueva Alianza, Soralla Ba\u00f1uelos de la Torre. De acuerdo con un comunicado, ello, dijo, con\" \/>\n\t<meta name=\"robots\" content=\"max-image-preview:large\" \/>\n\t<meta name=\"author\" content=\"Admin\"\/>\n\t<link rel=\"canonical\" href=\"https:\/\/tractopart.com\/sp\/mexico-mayor-proteccion-trabajadores-mineros-la-construccion\/\" \/>\n\t<meta name=\"generator\" content=\"All in One SEO (AIOSEO) 5.0.1.1\" \/>\n\t\t<meta property=\"og:locale\" content=\"es_ES\" \/>\n\t\t<meta property=\"og:site_name\" content=\"Tractopart | \u00a1Tenemos todo menos gasolina!\" \/>\n\t\t<meta property=\"og:type\" content=\"article\" \/>\n\t\t<meta property=\"og:title\" content=\"MEXICO: Mayor proteccion trabajadores | Tractopart\" \/>\n\t\t<meta property=\"og:description\" content=\"Tanto la industria de la construcci\u00f3n como la minera est\u00e1n consideradas como dos de las actividades laborales de mayor riesgo a nivel nacional, por lo que es indispensable impulsar programas de protecci\u00f3n para sus trabajadores, afirm\u00f3 la vicecoordinadora de Nueva Alianza, Soralla Ba\u00f1uelos de la Torre. De acuerdo con un comunicado, ello, dijo, con\" \/>\n\t\t<meta property=\"og:url\" content=\"https:\/\/tractopart.com\/sp\/mexico-mayor-proteccion-trabajadores-mineros-la-construccion\/\" \/>\n\t\t<meta property=\"article:published_time\" content=\"2016-05-16T15:17:57+00:00\" \/>\n\t\t<meta property=\"article:modified_time\" content=\"2016-05-16T15:17:57+00:00\" \/>\n\t\t<meta name=\"twitter:card\" content=\"summary\" \/>\n\t\t<meta name=\"twitter:title\" content=\"MEXICO: Mayor proteccion trabajadores | Tractopart\" \/>\n\t\t<meta name=\"twitter:description\" content=\"Tanto la industria de la construcci\u00f3n como la minera est\u00e1n consideradas como dos de las actividades laborales de mayor riesgo a nivel nacional, por lo que es indispensable impulsar programas de protecci\u00f3n para sus trabajadores, afirm\u00f3 la vicecoordinadora de Nueva Alianza, Soralla Ba\u00f1uelos de la Torre. De acuerdo con un comunicado, ello, dijo, con\" \/>\n\t\t<script type=\"application\/ld+json\" class=\"aioseo-schema\">\n\t\t\t{\"@context\":\"https:\\\/\\\/schema.org\",\"@graph\":[{\"@type\":\"Article\",\"@id\":\"https:\\\/\\\/tractopart.com\\\/sp\\\/mexico-mayor-proteccion-trabajadores-mineros-la-construccion\\\/#article\",\"name\":\"MEXICO: Mayor proteccion trabajadores | Tractopart\",\"headline\":\"MEXICO: Mayor proteccion trabajadores mineros la construccion\",\"author\":{\"@id\":\"https:\\\/\\\/tractopart.com\\\/sp\\\/author\\\/admin\\\/#author\"},\"publisher\":{\"@id\":\"https:\\\/\\\/tractopart.com\\\/sp\\\/#organization\"},\"image\":{\"@type\":\"ImageObject\",\"url\":\"https:\\\/\\\/tractopart.com\\\/sp\\\/wp-content\\\/uploads\\\/2016\\\/05\\\/trabajo_construccion-450x300.jpg\",\"width\":450,\"height\":300},\"datePublished\":\"2016-05-16T15:17:57+00:00\",\"dateModified\":\"2016-05-16T15:17:57+00:00\",\"inLanguage\":\"es-ES\",\"mainEntityOfPage\":{\"@id\":\"https:\\\/\\\/tractopart.com\\\/sp\\\/mexico-mayor-proteccion-trabajadores-mineros-la-construccion\\\/#webpage\"},\"isPartOf\":{\"@id\":\"https:\\\/\\\/tractopart.com\\\/sp\\\/mexico-mayor-proteccion-trabajadores-mineros-la-construccion\\\/#webpage\"},\"articleSection\":\"News, construccion, mexico\"},{\"@type\":\"BreadcrumbList\",\"@id\":\"https:\\\/\\\/tractopart.com\\\/sp\\\/mexico-mayor-proteccion-trabajadores-mineros-la-construccion\\\/#breadcrumblist\",\"itemListElement\":[{\"@type\":\"ListItem\",\"@id\":\"https:\\\/\\\/tractopart.com\\\/sp#listItem\",\"position\":1,\"name\":\"Inicio\",\"item\":\"https:\\\/\\\/tractopart.com\\\/sp\",\"nextItem\":{\"@type\":\"ListItem\",\"@id\":\"https:\\\/\\\/tractopart.com\\\/sp\\\/category\\\/news\\\/#listItem\",\"name\":\"News\"}},{\"@type\":\"ListItem\",\"@id\":\"https:\\\/\\\/tractopart.com\\\/sp\\\/category\\\/news\\\/#listItem\",\"position\":2,\"name\":\"News\",\"item\":\"https:\\\/\\\/tractopart.com\\\/sp\\\/category\\\/news\\\/\",\"nextItem\":{\"@type\":\"ListItem\",\"@id\":\"https:\\\/\\\/tractopart.com\\\/sp\\\/mexico-mayor-proteccion-trabajadores-mineros-la-construccion\\\/#listItem\",\"name\":\"MEXICO: Mayor proteccion trabajadores mineros la construccion\"},\"previousItem\":{\"@type\":\"ListItem\",\"@id\":\"https:\\\/\\\/tractopart.com\\\/sp#listItem\",\"name\":\"Inicio\"}},{\"@type\":\"ListItem\",\"@id\":\"https:\\\/\\\/tractopart.com\\\/sp\\\/mexico-mayor-proteccion-trabajadores-mineros-la-construccion\\\/#listItem\",\"position\":3,\"name\":\"MEXICO: Mayor proteccion trabajadores mineros la construccion\",\"previousItem\":{\"@type\":\"ListItem\",\"@id\":\"https:\\\/\\\/tractopart.com\\\/sp\\\/category\\\/news\\\/#listItem\",\"name\":\"News\"}}]},{\"@type\":\"Organization\",\"@id\":\"https:\\\/\\\/tractopart.com\\\/sp\\\/#organization\",\"name\":\"Tractopart\",\"description\":\"\\u00a1Tenemos todo menos gasolina!\",\"url\":\"https:\\\/\\\/tractopart.com\\\/sp\\\/\"},{\"@type\":\"Person\",\"@id\":\"https:\\\/\\\/tractopart.com\\\/sp\\\/author\\\/admin\\\/#author\",\"url\":\"https:\\\/\\\/tractopart.com\\\/sp\\\/author\\\/admin\\\/\",\"name\":\"Admin\",\"image\":{\"@type\":\"ImageObject\",\"@id\":\"https:\\\/\\\/tractopart.com\\\/sp\\\/mexico-mayor-proteccion-trabajadores-mineros-la-construccion\\\/#authorImage\",\"url\":\"https:\\\/\\\/secure.gravatar.com\\\/avatar\\\/300b5fb601d61a3be7c5a7b3914083c91b9ca52b6a64aac2d5d3556e80bb5f7d?s=96&d=mm&r=g\",\"width\":96,\"height\":96,\"caption\":\"Admin\"}},{\"@type\":\"WebPage\",\"@id\":\"https:\\\/\\\/tractopart.com\\\/sp\\\/mexico-mayor-proteccion-trabajadores-mineros-la-construccion\\\/#webpage\",\"url\":\"https:\\\/\\\/tractopart.com\\\/sp\\\/mexico-mayor-proteccion-trabajadores-mineros-la-construccion\\\/\",\"name\":\"MEXICO: Mayor proteccion trabajadores | Tractopart\",\"description\":\"Tanto la industria de la construcci\\u00f3n como la minera est\\u00e1n consideradas como dos de las actividades laborales de mayor riesgo a nivel nacional, por lo que es indispensable impulsar programas de protecci\\u00f3n para sus trabajadores, afirm\\u00f3 la vicecoordinadora de Nueva Alianza, Soralla Ba\\u00f1uelos de la Torre. De acuerdo con un comunicado, ello, dijo, con\",\"inLanguage\":\"es-ES\",\"isPartOf\":{\"@id\":\"https:\\\/\\\/tractopart.com\\\/sp\\\/#website\"},\"breadcrumb\":{\"@id\":\"https:\\\/\\\/tractopart.com\\\/sp\\\/mexico-mayor-proteccion-trabajadores-mineros-la-construccion\\\/#breadcrumblist\"},\"author\":{\"@id\":\"https:\\\/\\\/tractopart.com\\\/sp\\\/author\\\/admin\\\/#author\"},\"creator\":{\"@id\":\"https:\\\/\\\/tractopart.com\\\/sp\\\/author\\\/admin\\\/#author\"},\"image\":{\"@type\":\"ImageObject\",\"url\":\"https:\\\/\\\/tractopart.com\\\/sp\\\/wp-content\\\/uploads\\\/2016\\\/05\\\/trabajo_construccion-450x300.jpg\",\"@id\":\"https:\\\/\\\/tractopart.com\\\/sp\\\/mexico-mayor-proteccion-trabajadores-mineros-la-construccion\\\/#mainImage\",\"width\":450,\"height\":300},\"primaryImageOfPage\":{\"@id\":\"https:\\\/\\\/tractopart.com\\\/sp\\\/mexico-mayor-proteccion-trabajadores-mineros-la-construccion\\\/#mainImage\"},\"datePublished\":\"2016-05-16T15:17:57+00:00\",\"dateModified\":\"2016-05-16T15:17:57+00:00\"},{\"@type\":\"WebSite\",\"@id\":\"https:\\\/\\\/tractopart.com\\\/sp\\\/#website\",\"url\":\"https:\\\/\\\/tractopart.com\\\/sp\\\/\",\"name\":\"Tractopart\",\"description\":\"\\u00a1Tenemos todo menos gasolina!\",\"inLanguage\":\"es-ES\",\"publisher\":{\"@id\":\"https:\\\/\\\/tractopart.com\\\/sp\\\/#organization\"}}]}\n\t\t<\/script>\n\t\t<!-- All in One SEO -->\n\n","aioseo_head_json":{"title":"MEXICO: Mayor proteccion trabajadores | Tractopart","description":"Tanto la industria de la construcci\u00f3n como la minera est\u00e1n consideradas como dos de las actividades laborales de mayor riesgo a nivel nacional, por lo que es indispensable impulsar programas de protecci\u00f3n para sus trabajadores, afirm\u00f3 la vicecoordinadora de Nueva Alianza, Soralla Ba\u00f1uelos de la Torre. De acuerdo con un comunicado, ello, dijo, con","canonical_url":"https:\/\/tractopart.com\/sp\/mexico-mayor-proteccion-trabajadores-mineros-la-construccion\/","robots":"max-image-preview:large","keywords":"","webmasterTools":{"miscellaneous":""},"schema":{"@context":"https:\/\/schema.org","@graph":[{"@type":"Article","@id":"https:\/\/tractopart.com\/sp\/mexico-mayor-proteccion-trabajadores-mineros-la-construccion\/#article","name":"MEXICO: Mayor proteccion trabajadores | Tractopart","headline":"MEXICO: Mayor proteccion trabajadores mineros la construccion","author":{"@id":"https:\/\/tractopart.com\/sp\/author\/admin\/#author"},"publisher":{"@id":"https:\/\/tractopart.com\/sp\/#organization"},"image":{"@type":"ImageObject","url":"https:\/\/tractopart.com\/sp\/wp-content\/uploads\/2016\/05\/trabajo_construccion-450x300.jpg","width":450,"height":300},"datePublished":"2016-05-16T15:17:57+00:00","dateModified":"2016-05-16T15:17:57+00:00","inLanguage":"es-ES","mainEntityOfPage":{"@id":"https:\/\/tractopart.com\/sp\/mexico-mayor-proteccion-trabajadores-mineros-la-construccion\/#webpage"},"isPartOf":{"@id":"https:\/\/tractopart.com\/sp\/mexico-mayor-proteccion-trabajadores-mineros-la-construccion\/#webpage"},"articleSection":"News, construccion, mexico"},{"@type":"BreadcrumbList","@id":"https:\/\/tractopart.com\/sp\/mexico-mayor-proteccion-trabajadores-mineros-la-construccion\/#breadcrumblist","itemListElement":[{"@type":"ListItem","@id":"https:\/\/tractopart.com\/sp#listItem","position":1,"name":"Inicio","item":"https:\/\/tractopart.com\/sp","nextItem":{"@type":"ListItem","@id":"https:\/\/tractopart.com\/sp\/category\/news\/#listItem","name":"News"}},{"@type":"ListItem","@id":"https:\/\/tractopart.com\/sp\/category\/news\/#listItem","position":2,"name":"News","item":"https:\/\/tractopart.com\/sp\/category\/news\/","nextItem":{"@type":"ListItem","@id":"https:\/\/tractopart.com\/sp\/mexico-mayor-proteccion-trabajadores-mineros-la-construccion\/#listItem","name":"MEXICO: Mayor proteccion trabajadores mineros la construccion"},"previousItem":{"@type":"ListItem","@id":"https:\/\/tractopart.com\/sp#listItem","name":"Inicio"}},{"@type":"ListItem","@id":"https:\/\/tractopart.com\/sp\/mexico-mayor-proteccion-trabajadores-mineros-la-construccion\/#listItem","position":3,"name":"MEXICO: Mayor proteccion trabajadores mineros la construccion","previousItem":{"@type":"ListItem","@id":"https:\/\/tractopart.com\/sp\/category\/news\/#listItem","name":"News"}}]},{"@type":"Organization","@id":"https:\/\/tractopart.com\/sp\/#organization","name":"Tractopart","description":"\u00a1Tenemos todo menos gasolina!","url":"https:\/\/tractopart.com\/sp\/"},{"@type":"Person","@id":"https:\/\/tractopart.com\/sp\/author\/admin\/#author","url":"https:\/\/tractopart.com\/sp\/author\/admin\/","name":"Admin","image":{"@type":"ImageObject","@id":"https:\/\/tractopart.com\/sp\/mexico-mayor-proteccion-trabajadores-mineros-la-construccion\/#authorImage","url":"https:\/\/secure.gravatar.com\/avatar\/300b5fb601d61a3be7c5a7b3914083c91b9ca52b6a64aac2d5d3556e80bb5f7d?s=96&d=mm&r=g","width":96,"height":96,"caption":"Admin"}},{"@type":"WebPage","@id":"https:\/\/tractopart.com\/sp\/mexico-mayor-proteccion-trabajadores-mineros-la-construccion\/#webpage","url":"https:\/\/tractopart.com\/sp\/mexico-mayor-proteccion-trabajadores-mineros-la-construccion\/","name":"MEXICO: Mayor proteccion trabajadores | Tractopart","description":"Tanto la industria de la construcci\u00f3n como la minera est\u00e1n consideradas como dos de las actividades laborales de mayor riesgo a nivel nacional, por lo que es indispensable impulsar programas de protecci\u00f3n para sus trabajadores, afirm\u00f3 la vicecoordinadora de Nueva Alianza, Soralla Ba\u00f1uelos de la Torre. De acuerdo con un comunicado, ello, dijo, con","inLanguage":"es-ES","isPartOf":{"@id":"https:\/\/tractopart.com\/sp\/#website"},"breadcrumb":{"@id":"https:\/\/tractopart.com\/sp\/mexico-mayor-proteccion-trabajadores-mineros-la-construccion\/#breadcrumblist"},"author":{"@id":"https:\/\/tractopart.com\/sp\/author\/admin\/#author"},"creator":{"@id":"https:\/\/tractopart.com\/sp\/author\/admin\/#author"},"image":{"@type":"ImageObject","url":"https:\/\/tractopart.com\/sp\/wp-content\/uploads\/2016\/05\/trabajo_construccion-450x300.jpg","@id":"https:\/\/tractopart.com\/sp\/mexico-mayor-proteccion-trabajadores-mineros-la-construccion\/#mainImage","width":450,"height":300},"primaryImageOfPage":{"@id":"https:\/\/tractopart.com\/sp\/mexico-mayor-proteccion-trabajadores-mineros-la-construccion\/#mainImage"},"datePublished":"2016-05-16T15:17:57+00:00","dateModified":"2016-05-16T15:17:57+00:00"},{"@type":"WebSite","@id":"https:\/\/tractopart.com\/sp\/#website","url":"https:\/\/tractopart.com\/sp\/","name":"Tractopart","description":"\u00a1Tenemos todo menos gasolina!","inLanguage":"es-ES","publisher":{"@id":"https:\/\/tractopart.com\/sp\/#organization"}}]},"og:locale":"es_ES","og:site_name":"Tractopart | \u00a1Tenemos todo menos gasolina!","og:type":"article","og:title":"MEXICO: Mayor proteccion trabajadores | Tractopart","og:description":"Tanto la industria de la construcci\u00f3n como la minera est\u00e1n consideradas como dos de las actividades laborales de mayor riesgo a nivel nacional, por lo que es indispensable impulsar programas de protecci\u00f3n para sus trabajadores, afirm\u00f3 la vicecoordinadora de Nueva Alianza, Soralla Ba\u00f1uelos de la Torre. De acuerdo con un comunicado, ello, dijo, con","og:url":"https:\/\/tractopart.com\/sp\/mexico-mayor-proteccion-trabajadores-mineros-la-construccion\/","article:published_time":"2016-05-16T15:17:57+00:00","article:modified_time":"2016-05-16T15:17:57+00:00","twitter:card":"summary","twitter:title":"MEXICO: Mayor proteccion trabajadores | Tractopart","twitter:description":"Tanto la industria de la construcci\u00f3n como la minera est\u00e1n consideradas como dos de las actividades laborales de mayor riesgo a nivel nacional, por lo que es indispensable impulsar programas de protecci\u00f3n para sus trabajadores, afirm\u00f3 la vicecoordinadora de Nueva Alianza, Soralla Ba\u00f1uelos de la Torre. De acuerdo con un comunicado, ello, dijo, con"},"aioseo_meta_data":{"post_id":"7682","title":"MEXICO: Mayor proteccion trabajadores  | #site_title","description":null,"keywords":null,"keyphrases":null,"canonical_url":null,"og_title":null,"og_description":null,"og_object_type":"default","og_image_type":"default","og_image_url":null,"og_image_width":null,"og_image_height":null,"og_image_custom_url":null,"og_image_custom_fields":null,"og_video":null,"og_custom_url":null,"og_article_section":null,"og_article_tags":null,"twitter_use_og":false,"twitter_card":"default","twitter_image_type":"default","twitter_image_url":null,"twitter_image_custom_url":null,"twitter_image_custom_fields":null,"twitter_title":null,"twitter_description":null,"schema_type":"default","schema_type_options":null,"pillar_content":false,"robots_default":true,"robots_noindex":false,"robots_noarchive":false,"robots_nosnippet":false,"robots_nofollow":false,"robots_noimageindex":false,"robots_noodp":false,"robots_notranslate":false,"robots_max_snippet":null,"robots_max_videopreview":null,"robots_max_imagepreview":"large","tabs":null,"priority":null,"frequency":null,"local_seo":null,"breadcrumb_settings":null,"limit_modified_date":false,"created":"2022-03-16 21:03:12","updated":"2026-05-19 08:01:04","primary_term":null,"schema":{"blockGraphs":[],"customGraphs":[],"default":{"data":{"Article":[],"Course":[],"Dataset":[],"FAQPage":[],"Movie":[],"Person":[],"Product":[],"ProductReview":[],"Car":[],"Recipe":[],"Service":[],"SoftwareApplication":[],"WebPage":[]},"graphName":"Article","isEnabled":true},"graphs":[]},"ai":null,"seo_analyzer_scan_date":null,"focus_keyword":null,"additional_keywords":null,"truseo_locale":null},"aioseo_breadcrumb":"<div class=\"aioseo-breadcrumbs\"><span class=\"aioseo-breadcrumb\">\n\t\t\t<a href=\"https:\/\/tractopart.com\/sp\" title=\"Inicio\">Inicio<\/a>\n\t\t<\/span><span class=\"aioseo-breadcrumb-separator\">&raquo;<\/span><span class=\"aioseo-breadcrumb\">\n\t\t\t<a href=\"https:\/\/tractopart.com\/sp\/category\/news\/\" title=\"News\">News<\/a>\n\t\t<\/span><span class=\"aioseo-breadcrumb-separator\">&raquo;<\/span><span class=\"aioseo-breadcrumb\">\n\t\t\tMEXICO: Mayor proteccion trabajadores mineros la construccion\n\t\t<\/span><\/div>","aioseo_breadcrumb_json":[{"label":"Inicio","link":"https:\/\/tractopart.com\/sp"},{"label":"News","link":"https:\/\/tractopart.com\/sp\/category\/news\/"},{"label":"MEXICO: Mayor proteccion trabajadores mineros la construccion","link":"https:\/\/tractopart.com\/sp\/mexico-mayor-proteccion-trabajadores-mineros-la-construccion\/"}],"_links":{"self":[{"href":"https:\/\/tractopart.com\/sp\/wp-json\/wp\/v2\/posts\/7682","targetHints":{"allow":["GET"]}}],"collection":[{"href":"https:\/\/tractopart.com\/sp\/wp-json\/wp\/v2\/posts"}],"about":[{"href":"https:\/\/tractopart.com\/sp\/wp-json\/wp\/v2\/types\/post"}],"author":[{"embeddable":true,"href":"https:\/\/tractopart.com\/sp\/wp-json\/wp\/v2\/users\/13"}],"replies":[{"embeddable":true,"href":"https:\/\/tractopart.com\/sp\/wp-json\/wp\/v2\/comments?post=7682"}],"version-history":[{"count":1,"href":"https:\/\/tractopart.com\/sp\/wp-json\/wp\/v2\/posts\/7682\/revisions"}],"predecessor-version":[{"id":7686,"href":"https:\/\/tractopart.com\/sp\/wp-json\/wp\/v2\/posts\/7682\/revisions\/7686"}],"wp:featuredmedia":[{"embeddable":true,"href":"https:\/\/tractopart.com\/sp\/wp-json\/wp\/v2\/media\/7685"}],"wp:attachment":[{"href":"https:\/\/tractopart.com\/sp\/wp-json\/wp\/v2\/media?parent=7682"}],"wp:term":[{"taxonomy":"category","embeddable":true,"href":"https:\/\/tractopart.com\/sp\/wp-json\/wp\/v2\/categories?post=7682"},{"taxonomy":"post_tag","embeddable":true,"href":"https:\/\/tractopart.com\/sp\/wp-json\/wp\/v2\/tags?post=7682"}],"curies":[{"name":"wp","href":"https:\/\/api.w.org\/{rel}","templated":true}]}}