{"id":7379,"date":"2016-04-11T13:30:43","date_gmt":"2016-04-11T13:30:43","guid":{"rendered":"http:\/\/tractopart.com\/sp\/?p=7379"},"modified":"2016-04-11T13:30:43","modified_gmt":"2016-04-11T13:30:43","slug":"honduras-comision-legislativa-de-mineria-se-reune-en-copan","status":"publish","type":"post","link":"https:\/\/tractopart.com\/sp\/honduras-comision-legislativa-de-mineria-se-reune-en-copan\/","title":{"rendered":"HONDURAS: Comisi\u00f3n legislativa de miner\u00eda se re\u00fane en Cop\u00e1n"},"content":{"rendered":"<div class=\"head-image thumb-wrap\"><img fetchpriority=\"high\" decoding=\"async\" class=\"img-responsive wp-post-image\" src=\"http:\/\/cdn.latribuna.hn\/wp-content\/uploads\/2016\/04\/mineria-en-honduras-1-770x470.jpg\" sizes=\"(max-width: 770px) 100vw, 770px\" srcset=\"http:\/\/cdn.latribuna.hn\/wp-content\/uploads\/2016\/04\/mineria-en-honduras-1-768x469.jpg 768w, http:\/\/cdn.latribuna.hn\/wp-content\/uploads\/2016\/04\/mineria-en-honduras-1.jpg 770w\" alt=\"Comisi\u00f3n legislativa de miner\u00eda se re\u00fane en Cop\u00e1n\" width=\"770\" height=\"470\" \/><\/div>\n<aside class=\"related-box hidden-xs pull-right\">\n<section>\n<article>\n<h5 class=\"text-center\">La <strong>comisi\u00f3n legislativa de miner\u00eda<\/strong> se traslad\u00f3 este domingo al municipio de La Uni\u00f3n, departamento de <strong>Cop\u00e1n<\/strong>, para buscar una soluci\u00f3n a la <strong>explotaci\u00f3n minera<\/strong>.<\/h5>\n<\/article>\n<\/section>\n<\/aside>\n<div class=\"article-post-content\">\n<p>En el encuentro participan los diputados Rolando Dub\u00f3n Bueso e Hilario L\u00f3pez, la representante del Instituto Nacional de Geolog\u00eda y Miner\u00eda (Ingeomin), Erika Molina y fuerzas vidas de las comunidades.<\/p>\n<div class=\"code-block code-block-14\"><\/div>\n<p>Entre las aldeas que buscan resolver la problem\u00e1tica que provoca la <strong>explotaci\u00f3n minera<\/strong> est\u00e1n Azacualpa, San Andr\u00e9s y La Uni\u00f3n.<\/p>\n<p>Los congresistas indicaron que la reuni\u00f3n tiene como finalidad mejorar la <strong>miner\u00eda<\/strong>en la zona, garantizando la seguridad de los trabajadores.<\/p>\n<p>Los dirigentes comunales destacaron que la actividad est\u00e1 generando enfermedades por el incumplimiento del convenio firmado por la empresa concesionaria.<\/p>\n<p>\u201cHay una preocupaci\u00f3n porque la compa\u00f1\u00eda nunca ha hecho\u00a0 nada por voluntad propia\u201d, dijo uno de los presidentes de patronatos.<\/p>\n<p><strong>La comisi\u00f3n legislativa de miner\u00eda<\/strong> apost\u00f3 por el establecimiento de un di\u00e1logo entre los sectores para el desarrollo de los municipios.<\/p>\n<\/div>\n","protected":false},"excerpt":{"rendered":"<p>La comisi\u00f3n legislativa de miner\u00eda se traslad\u00f3 este domingo al municipio de La Uni\u00f3n, departamento de Cop\u00e1n, para buscar una soluci\u00f3n a la explotaci\u00f3n minera. En el encuentro participan los diputados Rolando Dub\u00f3n Bueso e Hilario L\u00f3pez, la representante del Instituto Nacional de Geolog\u00eda y Miner\u00eda (Ingeomin), Erika Molina y fuerzas vidas de las comunidades.<\/p>\n","protected":false},"author":13,"featured_media":7380,"comment_status":"open","ping_status":"open","sticky":false,"template":"","format":"standard","meta":{"footnotes":""},"categories":[236],"tags":[361,239],"class_list":["post-7379","post","type-post","status-publish","format-standard","has-post-thumbnail","hentry","category-news","tag-honduras","tag-mineria"],"aioseo_notices":[],"aioseo_head":"\n\t\t<!-- All in One SEO 5.0.1.1 - aioseo.com -->\n\t<meta name=\"description\" content=\"La comisi\u00f3n legislativa de miner\u00eda se traslad\u00f3 este domingo al municipio de La Uni\u00f3n, departamento de Cop\u00e1n, para buscar una soluci\u00f3n a la explotaci\u00f3n minera. En el encuentro participan los diputados Rolando Dub\u00f3n Bueso e Hilario L\u00f3pez, la representante del Instituto Nacional de Geolog\u00eda y Miner\u00eda (Ingeomin), Erika Molina y fuerzas vidas de las comunidades.\" \/>\n\t<meta name=\"robots\" content=\"max-image-preview:large\" \/>\n\t<meta name=\"author\" content=\"Admin\"\/>\n\t<link rel=\"canonical\" href=\"https:\/\/tractopart.com\/sp\/honduras-comision-legislativa-de-mineria-se-reune-en-copan\/\" \/>\n\t<meta name=\"generator\" content=\"All in One SEO (AIOSEO) 5.0.1.1\" \/>\n\t\t<meta property=\"og:locale\" content=\"es_ES\" \/>\n\t\t<meta property=\"og:site_name\" content=\"Tractopart | \u00a1Tenemos todo menos gasolina!\" \/>\n\t\t<meta property=\"og:type\" content=\"article\" \/>\n\t\t<meta property=\"og:title\" content=\"Comisi\u00f3n legislativa de miner\u00eda se re\u00fane | Tractopart\" \/>\n\t\t<meta property=\"og:description\" content=\"La comisi\u00f3n legislativa de miner\u00eda se traslad\u00f3 este domingo al municipio de La Uni\u00f3n, departamento de Cop\u00e1n, para buscar una soluci\u00f3n a la explotaci\u00f3n minera. En el encuentro participan los diputados Rolando Dub\u00f3n Bueso e Hilario L\u00f3pez, la representante del Instituto Nacional de Geolog\u00eda y Miner\u00eda (Ingeomin), Erika Molina y fuerzas vidas de las comunidades.\" \/>\n\t\t<meta property=\"og:url\" content=\"https:\/\/tractopart.com\/sp\/honduras-comision-legislativa-de-mineria-se-reune-en-copan\/\" \/>\n\t\t<meta property=\"article:published_time\" content=\"2016-04-11T13:30:43+00:00\" \/>\n\t\t<meta property=\"article:modified_time\" content=\"2016-04-11T13:30:43+00:00\" \/>\n\t\t<meta name=\"twitter:card\" content=\"summary\" \/>\n\t\t<meta name=\"twitter:title\" content=\"Comisi\u00f3n legislativa de miner\u00eda se re\u00fane | Tractopart\" \/>\n\t\t<meta name=\"twitter:description\" content=\"La comisi\u00f3n legislativa de miner\u00eda se traslad\u00f3 este domingo al municipio de La Uni\u00f3n, departamento de Cop\u00e1n, para buscar una soluci\u00f3n a la explotaci\u00f3n minera. En el encuentro participan los diputados Rolando Dub\u00f3n Bueso e Hilario L\u00f3pez, la representante del Instituto Nacional de Geolog\u00eda y Miner\u00eda (Ingeomin), Erika Molina y fuerzas vidas de las comunidades.\" \/>\n\t\t<script type=\"application\/ld+json\" class=\"aioseo-schema\">\n\t\t\t{\"@context\":\"https:\\\/\\\/schema.org\",\"@graph\":[{\"@type\":\"Article\",\"@id\":\"https:\\\/\\\/tractopart.com\\\/sp\\\/honduras-comision-legislativa-de-mineria-se-reune-en-copan\\\/#article\",\"name\":\"Comisi\\u00f3n legislativa de miner\\u00eda se re\\u00fane | Tractopart\",\"headline\":\"HONDURAS: Comisi\\u00f3n legislativa de miner\\u00eda se re\\u00fane en Cop\\u00e1n\",\"author\":{\"@id\":\"https:\\\/\\\/tractopart.com\\\/sp\\\/author\\\/admin\\\/#author\"},\"publisher\":{\"@id\":\"https:\\\/\\\/tractopart.com\\\/sp\\\/#organization\"},\"image\":{\"@type\":\"ImageObject\",\"url\":\"https:\\\/\\\/tractopart.com\\\/sp\\\/wp-content\\\/uploads\\\/2016\\\/04\\\/mineria-en-honduras-1.jpg\",\"width\":770,\"height\":470},\"datePublished\":\"2016-04-11T13:30:43+00:00\",\"dateModified\":\"2016-04-11T13:30:43+00:00\",\"inLanguage\":\"es-ES\",\"mainEntityOfPage\":{\"@id\":\"https:\\\/\\\/tractopart.com\\\/sp\\\/honduras-comision-legislativa-de-mineria-se-reune-en-copan\\\/#webpage\"},\"isPartOf\":{\"@id\":\"https:\\\/\\\/tractopart.com\\\/sp\\\/honduras-comision-legislativa-de-mineria-se-reune-en-copan\\\/#webpage\"},\"articleSection\":\"News, HONDURAS, mineria\"},{\"@type\":\"BreadcrumbList\",\"@id\":\"https:\\\/\\\/tractopart.com\\\/sp\\\/honduras-comision-legislativa-de-mineria-se-reune-en-copan\\\/#breadcrumblist\",\"itemListElement\":[{\"@type\":\"ListItem\",\"@id\":\"https:\\\/\\\/tractopart.com\\\/sp#listItem\",\"position\":1,\"name\":\"Inicio\",\"item\":\"https:\\\/\\\/tractopart.com\\\/sp\",\"nextItem\":{\"@type\":\"ListItem\",\"@id\":\"https:\\\/\\\/tractopart.com\\\/sp\\\/category\\\/news\\\/#listItem\",\"name\":\"News\"}},{\"@type\":\"ListItem\",\"@id\":\"https:\\\/\\\/tractopart.com\\\/sp\\\/category\\\/news\\\/#listItem\",\"position\":2,\"name\":\"News\",\"item\":\"https:\\\/\\\/tractopart.com\\\/sp\\\/category\\\/news\\\/\",\"nextItem\":{\"@type\":\"ListItem\",\"@id\":\"https:\\\/\\\/tractopart.com\\\/sp\\\/honduras-comision-legislativa-de-mineria-se-reune-en-copan\\\/#listItem\",\"name\":\"HONDURAS: Comisi\\u00f3n legislativa de miner\\u00eda se re\\u00fane en Cop\\u00e1n\"},\"previousItem\":{\"@type\":\"ListItem\",\"@id\":\"https:\\\/\\\/tractopart.com\\\/sp#listItem\",\"name\":\"Inicio\"}},{\"@type\":\"ListItem\",\"@id\":\"https:\\\/\\\/tractopart.com\\\/sp\\\/honduras-comision-legislativa-de-mineria-se-reune-en-copan\\\/#listItem\",\"position\":3,\"name\":\"HONDURAS: Comisi\\u00f3n legislativa de miner\\u00eda se re\\u00fane en Cop\\u00e1n\",\"previousItem\":{\"@type\":\"ListItem\",\"@id\":\"https:\\\/\\\/tractopart.com\\\/sp\\\/category\\\/news\\\/#listItem\",\"name\":\"News\"}}]},{\"@type\":\"Organization\",\"@id\":\"https:\\\/\\\/tractopart.com\\\/sp\\\/#organization\",\"name\":\"Tractopart\",\"description\":\"\\u00a1Tenemos todo menos gasolina!\",\"url\":\"https:\\\/\\\/tractopart.com\\\/sp\\\/\"},{\"@type\":\"Person\",\"@id\":\"https:\\\/\\\/tractopart.com\\\/sp\\\/author\\\/admin\\\/#author\",\"url\":\"https:\\\/\\\/tractopart.com\\\/sp\\\/author\\\/admin\\\/\",\"name\":\"Admin\",\"image\":{\"@type\":\"ImageObject\",\"@id\":\"https:\\\/\\\/tractopart.com\\\/sp\\\/honduras-comision-legislativa-de-mineria-se-reune-en-copan\\\/#authorImage\",\"url\":\"https:\\\/\\\/secure.gravatar.com\\\/avatar\\\/300b5fb601d61a3be7c5a7b3914083c91b9ca52b6a64aac2d5d3556e80bb5f7d?s=96&d=mm&r=g\",\"width\":96,\"height\":96,\"caption\":\"Admin\"}},{\"@type\":\"WebPage\",\"@id\":\"https:\\\/\\\/tractopart.com\\\/sp\\\/honduras-comision-legislativa-de-mineria-se-reune-en-copan\\\/#webpage\",\"url\":\"https:\\\/\\\/tractopart.com\\\/sp\\\/honduras-comision-legislativa-de-mineria-se-reune-en-copan\\\/\",\"name\":\"Comisi\\u00f3n legislativa de miner\\u00eda se re\\u00fane | Tractopart\",\"description\":\"La comisi\\u00f3n legislativa de miner\\u00eda se traslad\\u00f3 este domingo al municipio de La Uni\\u00f3n, departamento de Cop\\u00e1n, para buscar una soluci\\u00f3n a la explotaci\\u00f3n minera. En el encuentro participan los diputados Rolando Dub\\u00f3n Bueso e Hilario L\\u00f3pez, la representante del Instituto Nacional de Geolog\\u00eda y Miner\\u00eda (Ingeomin), Erika Molina y fuerzas vidas de las comunidades.\",\"inLanguage\":\"es-ES\",\"isPartOf\":{\"@id\":\"https:\\\/\\\/tractopart.com\\\/sp\\\/#website\"},\"breadcrumb\":{\"@id\":\"https:\\\/\\\/tractopart.com\\\/sp\\\/honduras-comision-legislativa-de-mineria-se-reune-en-copan\\\/#breadcrumblist\"},\"author\":{\"@id\":\"https:\\\/\\\/tractopart.com\\\/sp\\\/author\\\/admin\\\/#author\"},\"creator\":{\"@id\":\"https:\\\/\\\/tractopart.com\\\/sp\\\/author\\\/admin\\\/#author\"},\"image\":{\"@type\":\"ImageObject\",\"url\":\"https:\\\/\\\/tractopart.com\\\/sp\\\/wp-content\\\/uploads\\\/2016\\\/04\\\/mineria-en-honduras-1.jpg\",\"@id\":\"https:\\\/\\\/tractopart.com\\\/sp\\\/honduras-comision-legislativa-de-mineria-se-reune-en-copan\\\/#mainImage\",\"width\":770,\"height\":470},\"primaryImageOfPage\":{\"@id\":\"https:\\\/\\\/tractopart.com\\\/sp\\\/honduras-comision-legislativa-de-mineria-se-reune-en-copan\\\/#mainImage\"},\"datePublished\":\"2016-04-11T13:30:43+00:00\",\"dateModified\":\"2016-04-11T13:30:43+00:00\"},{\"@type\":\"WebSite\",\"@id\":\"https:\\\/\\\/tractopart.com\\\/sp\\\/#website\",\"url\":\"https:\\\/\\\/tractopart.com\\\/sp\\\/\",\"name\":\"Tractopart\",\"description\":\"\\u00a1Tenemos todo menos gasolina!\",\"inLanguage\":\"es-ES\",\"publisher\":{\"@id\":\"https:\\\/\\\/tractopart.com\\\/sp\\\/#organization\"}}]}\n\t\t<\/script>\n\t\t<!-- All in One SEO -->\n\n","aioseo_head_json":{"title":"Comisi\u00f3n legislativa de miner\u00eda se re\u00fane | Tractopart","description":"La comisi\u00f3n legislativa de miner\u00eda se traslad\u00f3 este domingo al municipio de La Uni\u00f3n, departamento de Cop\u00e1n, para buscar una soluci\u00f3n a la explotaci\u00f3n minera. En el encuentro participan los diputados Rolando Dub\u00f3n Bueso e Hilario L\u00f3pez, la representante del Instituto Nacional de Geolog\u00eda y Miner\u00eda (Ingeomin), Erika Molina y fuerzas vidas de las comunidades.","canonical_url":"https:\/\/tractopart.com\/sp\/honduras-comision-legislativa-de-mineria-se-reune-en-copan\/","robots":"max-image-preview:large","keywords":"","webmasterTools":{"miscellaneous":""},"schema":{"@context":"https:\/\/schema.org","@graph":[{"@type":"Article","@id":"https:\/\/tractopart.com\/sp\/honduras-comision-legislativa-de-mineria-se-reune-en-copan\/#article","name":"Comisi\u00f3n legislativa de miner\u00eda se re\u00fane | Tractopart","headline":"HONDURAS: Comisi\u00f3n legislativa de miner\u00eda se re\u00fane en Cop\u00e1n","author":{"@id":"https:\/\/tractopart.com\/sp\/author\/admin\/#author"},"publisher":{"@id":"https:\/\/tractopart.com\/sp\/#organization"},"image":{"@type":"ImageObject","url":"https:\/\/tractopart.com\/sp\/wp-content\/uploads\/2016\/04\/mineria-en-honduras-1.jpg","width":770,"height":470},"datePublished":"2016-04-11T13:30:43+00:00","dateModified":"2016-04-11T13:30:43+00:00","inLanguage":"es-ES","mainEntityOfPage":{"@id":"https:\/\/tractopart.com\/sp\/honduras-comision-legislativa-de-mineria-se-reune-en-copan\/#webpage"},"isPartOf":{"@id":"https:\/\/tractopart.com\/sp\/honduras-comision-legislativa-de-mineria-se-reune-en-copan\/#webpage"},"articleSection":"News, HONDURAS, mineria"},{"@type":"BreadcrumbList","@id":"https:\/\/tractopart.com\/sp\/honduras-comision-legislativa-de-mineria-se-reune-en-copan\/#breadcrumblist","itemListElement":[{"@type":"ListItem","@id":"https:\/\/tractopart.com\/sp#listItem","position":1,"name":"Inicio","item":"https:\/\/tractopart.com\/sp","nextItem":{"@type":"ListItem","@id":"https:\/\/tractopart.com\/sp\/category\/news\/#listItem","name":"News"}},{"@type":"ListItem","@id":"https:\/\/tractopart.com\/sp\/category\/news\/#listItem","position":2,"name":"News","item":"https:\/\/tractopart.com\/sp\/category\/news\/","nextItem":{"@type":"ListItem","@id":"https:\/\/tractopart.com\/sp\/honduras-comision-legislativa-de-mineria-se-reune-en-copan\/#listItem","name":"HONDURAS: Comisi\u00f3n legislativa de miner\u00eda se re\u00fane en Cop\u00e1n"},"previousItem":{"@type":"ListItem","@id":"https:\/\/tractopart.com\/sp#listItem","name":"Inicio"}},{"@type":"ListItem","@id":"https:\/\/tractopart.com\/sp\/honduras-comision-legislativa-de-mineria-se-reune-en-copan\/#listItem","position":3,"name":"HONDURAS: Comisi\u00f3n legislativa de miner\u00eda se re\u00fane en Cop\u00e1n","previousItem":{"@type":"ListItem","@id":"https:\/\/tractopart.com\/sp\/category\/news\/#listItem","name":"News"}}]},{"@type":"Organization","@id":"https:\/\/tractopart.com\/sp\/#organization","name":"Tractopart","description":"\u00a1Tenemos todo menos gasolina!","url":"https:\/\/tractopart.com\/sp\/"},{"@type":"Person","@id":"https:\/\/tractopart.com\/sp\/author\/admin\/#author","url":"https:\/\/tractopart.com\/sp\/author\/admin\/","name":"Admin","image":{"@type":"ImageObject","@id":"https:\/\/tractopart.com\/sp\/honduras-comision-legislativa-de-mineria-se-reune-en-copan\/#authorImage","url":"https:\/\/secure.gravatar.com\/avatar\/300b5fb601d61a3be7c5a7b3914083c91b9ca52b6a64aac2d5d3556e80bb5f7d?s=96&d=mm&r=g","width":96,"height":96,"caption":"Admin"}},{"@type":"WebPage","@id":"https:\/\/tractopart.com\/sp\/honduras-comision-legislativa-de-mineria-se-reune-en-copan\/#webpage","url":"https:\/\/tractopart.com\/sp\/honduras-comision-legislativa-de-mineria-se-reune-en-copan\/","name":"Comisi\u00f3n legislativa de miner\u00eda se re\u00fane | Tractopart","description":"La comisi\u00f3n legislativa de miner\u00eda se traslad\u00f3 este domingo al municipio de La Uni\u00f3n, departamento de Cop\u00e1n, para buscar una soluci\u00f3n a la explotaci\u00f3n minera. En el encuentro participan los diputados Rolando Dub\u00f3n Bueso e Hilario L\u00f3pez, la representante del Instituto Nacional de Geolog\u00eda y Miner\u00eda (Ingeomin), Erika Molina y fuerzas vidas de las comunidades.","inLanguage":"es-ES","isPartOf":{"@id":"https:\/\/tractopart.com\/sp\/#website"},"breadcrumb":{"@id":"https:\/\/tractopart.com\/sp\/honduras-comision-legislativa-de-mineria-se-reune-en-copan\/#breadcrumblist"},"author":{"@id":"https:\/\/tractopart.com\/sp\/author\/admin\/#author"},"creator":{"@id":"https:\/\/tractopart.com\/sp\/author\/admin\/#author"},"image":{"@type":"ImageObject","url":"https:\/\/tractopart.com\/sp\/wp-content\/uploads\/2016\/04\/mineria-en-honduras-1.jpg","@id":"https:\/\/tractopart.com\/sp\/honduras-comision-legislativa-de-mineria-se-reune-en-copan\/#mainImage","width":770,"height":470},"primaryImageOfPage":{"@id":"https:\/\/tractopart.com\/sp\/honduras-comision-legislativa-de-mineria-se-reune-en-copan\/#mainImage"},"datePublished":"2016-04-11T13:30:43+00:00","dateModified":"2016-04-11T13:30:43+00:00"},{"@type":"WebSite","@id":"https:\/\/tractopart.com\/sp\/#website","url":"https:\/\/tractopart.com\/sp\/","name":"Tractopart","description":"\u00a1Tenemos todo menos gasolina!","inLanguage":"es-ES","publisher":{"@id":"https:\/\/tractopart.com\/sp\/#organization"}}]},"og:locale":"es_ES","og:site_name":"Tractopart | \u00a1Tenemos todo menos gasolina!","og:type":"article","og:title":"Comisi\u00f3n legislativa de miner\u00eda se re\u00fane | Tractopart","og:description":"La comisi\u00f3n legislativa de miner\u00eda se traslad\u00f3 este domingo al municipio de La Uni\u00f3n, departamento de Cop\u00e1n, para buscar una soluci\u00f3n a la explotaci\u00f3n minera. En el encuentro participan los diputados Rolando Dub\u00f3n Bueso e Hilario L\u00f3pez, la representante del Instituto Nacional de Geolog\u00eda y Miner\u00eda (Ingeomin), Erika Molina y fuerzas vidas de las comunidades.","og:url":"https:\/\/tractopart.com\/sp\/honduras-comision-legislativa-de-mineria-se-reune-en-copan\/","article:published_time":"2016-04-11T13:30:43+00:00","article:modified_time":"2016-04-11T13:30:43+00:00","twitter:card":"summary","twitter:title":"Comisi\u00f3n legislativa de miner\u00eda se re\u00fane | Tractopart","twitter:description":"La comisi\u00f3n legislativa de miner\u00eda se traslad\u00f3 este domingo al municipio de La Uni\u00f3n, departamento de Cop\u00e1n, para buscar una soluci\u00f3n a la explotaci\u00f3n minera. En el encuentro participan los diputados Rolando Dub\u00f3n Bueso e Hilario L\u00f3pez, la representante del Instituto Nacional de Geolog\u00eda y Miner\u00eda (Ingeomin), Erika Molina y fuerzas vidas de las comunidades."},"aioseo_meta_data":{"post_id":"7379","title":"Comisi\u00f3n legislativa de miner\u00eda se re\u00fane | #site_title","description":null,"keywords":null,"keyphrases":null,"canonical_url":null,"og_title":null,"og_description":null,"og_object_type":"default","og_image_type":"default","og_image_url":null,"og_image_width":null,"og_image_height":null,"og_image_custom_url":null,"og_image_custom_fields":null,"og_video":null,"og_custom_url":null,"og_article_section":null,"og_article_tags":null,"twitter_use_og":false,"twitter_card":"default","twitter_image_type":"default","twitter_image_url":null,"twitter_image_custom_url":null,"twitter_image_custom_fields":null,"twitter_title":null,"twitter_description":null,"schema_type":"default","schema_type_options":null,"pillar_content":false,"robots_default":true,"robots_noindex":false,"robots_noarchive":false,"robots_nosnippet":false,"robots_nofollow":false,"robots_noimageindex":false,"robots_noodp":false,"robots_notranslate":false,"robots_max_snippet":null,"robots_max_videopreview":null,"robots_max_imagepreview":"large","tabs":null,"priority":null,"frequency":null,"local_seo":null,"breadcrumb_settings":null,"limit_modified_date":false,"created":"2022-03-16 21:06:22","updated":"2026-05-31 09:59:04","primary_term":null,"schema":{"blockGraphs":[],"customGraphs":[],"default":{"data":{"Article":[],"Course":[],"Dataset":[],"FAQPage":[],"Movie":[],"Person":[],"Product":[],"ProductReview":[],"Car":[],"Recipe":[],"Service":[],"SoftwareApplication":[],"WebPage":[]},"graphName":"Article","isEnabled":true},"graphs":[]},"ai":null,"seo_analyzer_scan_date":null,"focus_keyword":null,"additional_keywords":null,"truseo_locale":null},"aioseo_breadcrumb":"<div class=\"aioseo-breadcrumbs\"><span class=\"aioseo-breadcrumb\">\n\t\t\t<a href=\"https:\/\/tractopart.com\/sp\" title=\"Inicio\">Inicio<\/a>\n\t\t<\/span><span class=\"aioseo-breadcrumb-separator\">&raquo;<\/span><span class=\"aioseo-breadcrumb\">\n\t\t\t<a href=\"https:\/\/tractopart.com\/sp\/category\/news\/\" title=\"News\">News<\/a>\n\t\t<\/span><span class=\"aioseo-breadcrumb-separator\">&raquo;<\/span><span class=\"aioseo-breadcrumb\">\n\t\t\tHONDURAS: Comisi\u00f3n legislativa de miner\u00eda se re\u00fane en Cop\u00e1n\n\t\t<\/span><\/div>","aioseo_breadcrumb_json":[{"label":"Inicio","link":"https:\/\/tractopart.com\/sp"},{"label":"News","link":"https:\/\/tractopart.com\/sp\/category\/news\/"},{"label":"HONDURAS: Comisi\u00f3n legislativa de miner\u00eda se re\u00fane en Cop\u00e1n","link":"https:\/\/tractopart.com\/sp\/honduras-comision-legislativa-de-mineria-se-reune-en-copan\/"}],"_links":{"self":[{"href":"https:\/\/tractopart.com\/sp\/wp-json\/wp\/v2\/posts\/7379","targetHints":{"allow":["GET"]}}],"collection":[{"href":"https:\/\/tractopart.com\/sp\/wp-json\/wp\/v2\/posts"}],"about":[{"href":"https:\/\/tractopart.com\/sp\/wp-json\/wp\/v2\/types\/post"}],"author":[{"embeddable":true,"href":"https:\/\/tractopart.com\/sp\/wp-json\/wp\/v2\/users\/13"}],"replies":[{"embeddable":true,"href":"https:\/\/tractopart.com\/sp\/wp-json\/wp\/v2\/comments?post=7379"}],"version-history":[{"count":1,"href":"https:\/\/tractopart.com\/sp\/wp-json\/wp\/v2\/posts\/7379\/revisions"}],"predecessor-version":[{"id":7381,"href":"https:\/\/tractopart.com\/sp\/wp-json\/wp\/v2\/posts\/7379\/revisions\/7381"}],"wp:featuredmedia":[{"embeddable":true,"href":"https:\/\/tractopart.com\/sp\/wp-json\/wp\/v2\/media\/7380"}],"wp:attachment":[{"href":"https:\/\/tractopart.com\/sp\/wp-json\/wp\/v2\/media?parent=7379"}],"wp:term":[{"taxonomy":"category","embeddable":true,"href":"https:\/\/tractopart.com\/sp\/wp-json\/wp\/v2\/categories?post=7379"},{"taxonomy":"post_tag","embeddable":true,"href":"https:\/\/tractopart.com\/sp\/wp-json\/wp\/v2\/tags?post=7379"}],"curies":[{"name":"wp","href":"https:\/\/api.w.org\/{rel}","templated":true}]}}