{"id":6273,"date":"2015-12-16T07:09:41","date_gmt":"2015-12-16T07:09:41","guid":{"rendered":"http:\/\/tractopart.com\/sp\/?p=6273"},"modified":"2015-12-15T18:11:59","modified_gmt":"2015-12-15T18:11:59","slug":"peru-recuperacion-de-la-mineria-impulso-las-exportaciones","status":"publish","type":"post","link":"https:\/\/tractopart.com\/sp\/peru-recuperacion-de-la-mineria-impulso-las-exportaciones\/","title":{"rendered":"PERU: Recuperaci\u00f3n de la miner\u00eda impuls\u00f3 las exportaciones"},"content":{"rendered":"<p><a href=\"http:\/\/tractopart.com\/sp\/wp-content\/uploads\/2015\/12\/Baja-en-commodities-cobra-v-ctimas-cuatro-medianas-mineras-ad-portas-de-la-quiebra-Diario-Financiero-gonzalo-morales.jpg\"><img decoding=\"async\" class=\"aligncenter size-full wp-image-6222\" src=\"http:\/\/tractopart.com\/sp\/wp-content\/uploads\/2015\/12\/Baja-en-commodities-cobra-v-ctimas-cuatro-medianas-mineras-ad-portas-de-la-quiebra-Diario-Financiero-gonzalo-morales.jpg\" alt=\"Baja-en-commodities-cobra-v-ctimas--cuatro-medianas-mineras-ad-portas-de-la-quiebra---Diario-Financiero-gonzalo-morales\" width=\"225\" height=\"114\" \/><\/a><\/p>\n<p><strong>La expansi\u00f3n del sector minero impuls\u00f3 las exportaciones tradicionales en octubre, lo que permiti\u00f3 que los env\u00edos totales crezcan y se reduzca el d\u00e9ficit de la balanza comercial, inform\u00f3 el Banco Central de Reserva (BCR).<\/strong><\/p>\n<p>Su gerente de estudios econ\u00f3micos, Adri\u00e1n Armas, precis\u00f3 que el d\u00e9ficit de la balanza comercial en octubre fue de 175 millones de d\u00f3lares, menor a lo registrado en setiembre (-456 millones) y al d\u00e9cimo mes del a\u00f1o pasado (197 millones).<\/p>\n<p>Explic\u00f3 que este mejor resultado se logr\u00f3 por el impulso de las exportaciones tradicionales, que sumaron 2,050 millones de d\u00f3lares, lo cual represent\u00f3 una expansi\u00f3n de 14.3% respecto a setiembre (1,794 millones).<\/p>\n<p>Adem\u00e1s, sostuvo que se espera un escenario de menor volatilidad en el tipo de cambio luego del alza de tasa de la Reserva Federal (FED), poque los mercados ya anticiparon lo que har\u00e1 la entidad.<\/p>\n<p>&nbsp;<\/p>\n","protected":false},"excerpt":{"rendered":"<p>La expansi\u00f3n del sector minero impuls\u00f3 las exportaciones tradicionales en octubre, lo que permiti\u00f3 que los env\u00edos totales crezcan y se reduzca el d\u00e9ficit de la balanza comercial, inform\u00f3 el Banco Central de Reserva (BCR). Su gerente de estudios econ\u00f3micos, Adri\u00e1n Armas, precis\u00f3 que el d\u00e9ficit de la balanza comercial en octubre fue de 175<\/p>\n","protected":false},"author":13,"featured_media":6222,"comment_status":"open","ping_status":"open","sticky":false,"template":"","format":"standard","meta":{"footnotes":""},"categories":[1],"tags":[239,245],"class_list":["post-6273","post","type-post","status-publish","format-standard","has-post-thumbnail","hentry","category-uncategorized","tag-mineria","tag-peru"],"aioseo_notices":[],"_links":{"self":[{"href":"https:\/\/tractopart.com\/sp\/wp-json\/wp\/v2\/posts\/6273","targetHints":{"allow":["GET"]}}],"collection":[{"href":"https:\/\/tractopart.com\/sp\/wp-json\/wp\/v2\/posts"}],"about":[{"href":"https:\/\/tractopart.com\/sp\/wp-json\/wp\/v2\/types\/post"}],"author":[{"embeddable":true,"href":"https:\/\/tractopart.com\/sp\/wp-json\/wp\/v2\/users\/13"}],"replies":[{"embeddable":true,"href":"https:\/\/tractopart.com\/sp\/wp-json\/wp\/v2\/comments?post=6273"}],"version-history":[{"count":1,"href":"https:\/\/tractopart.com\/sp\/wp-json\/wp\/v2\/posts\/6273\/revisions"}],"predecessor-version":[{"id":6274,"href":"https:\/\/tractopart.com\/sp\/wp-json\/wp\/v2\/posts\/6273\/revisions\/6274"}],"wp:featuredmedia":[{"embeddable":true,"href":"https:\/\/tractopart.com\/sp\/wp-json\/wp\/v2\/media\/6222"}],"wp:attachment":[{"href":"https:\/\/tractopart.com\/sp\/wp-json\/wp\/v2\/media?parent=6273"}],"wp:term":[{"taxonomy":"category","embeddable":true,"href":"https:\/\/tractopart.com\/sp\/wp-json\/wp\/v2\/categories?post=6273"},{"taxonomy":"post_tag","embeddable":true,"href":"https:\/\/tractopart.com\/sp\/wp-json\/wp\/v2\/tags?post=6273"}],"curies":[{"name":"wp","href":"https:\/\/api.w.org\/{rel}","templated":true}]}}