{"id":10062,"date":"2017-04-06T17:33:10","date_gmt":"2017-04-06T17:33:10","guid":{"rendered":"http:\/\/tractopart.com\/sp\/?p=10062"},"modified":"2017-04-06T17:33:10","modified_gmt":"2017-04-06T17:33:10","slug":"el-salvador-es-el-primer-pais-del-mundo-en-prohibir-por-ley-la-mineria-metalica-en-todas-sus-formas","status":"publish","type":"post","link":"https:\/\/tractopart.com\/sp\/el-salvador-es-el-primer-pais-del-mundo-en-prohibir-por-ley-la-mineria-metalica-en-todas-sus-formas\/","title":{"rendered":"El Salvador es el primer pa\u00eds del mundo en prohibir por ley la miner\u00eda met\u00e1lica en todas sus formas"},"content":{"rendered":"<p>&nbsp;<\/p>\n<p>&nbsp;<\/p>\n<p><a href=\"http:\/\/tractopart.com\/sp\/wp-content\/uploads\/2017\/04\/el-salvador-mineria.jpg\"><img fetchpriority=\"high\" decoding=\"async\" class=\"aligncenter size-full wp-image-10063\" src=\"http:\/\/tractopart.com\/sp\/wp-content\/uploads\/2017\/04\/el-salvador-mineria.jpg\" alt=\"el-salvador-mineria\" width=\"728\" height=\"420\" srcset=\"https:\/\/tractopart.com\/sp\/wp-content\/uploads\/2017\/04\/el-salvador-mineria.jpg 728w, https:\/\/tractopart.com\/sp\/wp-content\/uploads\/2017\/04\/el-salvador-mineria-300x173.jpg 300w, https:\/\/tractopart.com\/sp\/wp-content\/uploads\/2017\/04\/el-salvador-mineria-624x360.jpg 624w\" sizes=\"(max-width: 728px) 100vw, 728px\" \/><\/a>El Salvador se convirti\u00f3 la semana pasada en el primer pa\u00eds del mundo en prohibir la miner\u00eda de metales a nivel nacional en todas sus formas, luego de que los legisladores votaran una ley contraria a esa acci\u00f3n.<\/p>\n<p>La prohibici\u00f3n se produjo tras m\u00e1s de una d\u00e9cada de acci\u00f3n organizada basada principalmente contra la propuesta de una mina de oro canadiense llamada El Dorado. Durante esos a\u00f1os varios activistas que se opon\u00edan a la miner\u00eda fueron asesinados por lo que se potenci\u00f3 la lucha a nivel nacional contra esa pr\u00e1ctica. La Iglesia Cat\u00f3lica tambi\u00e9n asumi\u00f3 un rol importante para frenar la miner\u00eda de metales en el pa\u00eds.<\/p>\n<p>El pasado 29 de marzo el Congreso de El Salvador aprob\u00f3 una ley que proh\u00edbe la miner\u00eda met\u00e1lica en todo el territorio, con el objetivo de proteger la biodiversidad y los recursos naturales del pa\u00eds centroamericano. Los legisladores votaron la norma bajo el principio de que esta pr\u00e1ctica afecta al medio ambiente y la salud de las personas y constituye \u201cuna amenaza para el desarrollo y bienestar de las familias\u201d.<\/p>\n<p>Con 69 votos, de 84 posibles, los diputados de la unicameral Asamblea Legislativa aprobaron la ley que consta de 11 art\u00edculos que proh\u00edben las actividades de exploraci\u00f3n, extracci\u00f3n, explotaci\u00f3n y procesamiento ya sea subterr\u00e1nea o a cielo abierto. Tambi\u00e9n se veta el uso de cianuro, mercurio y otros metales usados en esa actividad.<\/p>\n<p>La legislaci\u00f3n es retroactiva, por lo cual cancela los permisos de exploraci\u00f3n que pudieran estar en tr\u00e1mite. La normativa otorga un periodo de gracia de dos a\u00f1os a las personas que se dedican a la miner\u00eda met\u00e1lica artesanal, para que puedan reconvertirse a otras actividades productivas.<\/p>\n<h4>Hist\u00f3rico<\/h4>\n<p>\u201cEs hist\u00f3rico, estamos enviando una se\u00f1al al mundo, de que los pa\u00edses pueden tener otros caminos diferentes y decir no a esa industria\u201d, expres\u00f3 el l\u00edder ambiental Edgardo Mira, de la Mesa Nacional frente a la Miner\u00eda Met\u00e1lica en conversaci\u00f3n con dijo a IPS.<\/p>\n<p>\u201cCreo que El Salvador ya sirve de ejemplo por haber evitado los avances de la miner\u00eda (met\u00e1lica) en defensa del agua durante muchos a\u00f1os, pero sin duda con esta decisi\u00f3n de la legislatura de aprobar una ley, se vuelve un referente a\u00fan m\u00e1s importante en la regi\u00f3n y en el mundo\u201d, declar\u00f3 Jen Moore, coordinadora del Programa de Am\u00e9rica Latina de MiningWatch Canada, a AFP.<\/p>\n<p>A su vez la defensora del pueblo salvadore\u00f1o, Raquel Caballero, junto al Movimiento de V\u00edctimas y Afectados por el Cambio Clim\u00e1tico y Corporaciones (MOVIAC) que celebr\u00f3 la aprobaci\u00f3n de la ley el pasado domingo consider\u00f3 que \u201ces muy importante el paso que se ha dado, pero a\u00fan tenemos muchos retos a seguir a ra\u00edz de esa ley que proh\u00edbe la miner\u00eda\u201d, asegur\u00f3 Caballero en una reuni\u00f3n sostenida con pobladores de la localidad de San Isidro, zona que iba a ser afectada por los proyectos mineros.<\/p>\n<p>Por su parte el arzobispo de San Salvador, Jos\u00e9 Luis Escobar Alas tambi\u00e9n celebr\u00f3 la aprobaci\u00f3n de la norma: \u201cAgradecemos a Dios este gran don de protecci\u00f3n del pa\u00eds, pero tambi\u00e9n quiero agradecer a todos los que tomaron parte en esta gran lucha por la defensa de la vida y de la salud de El Salvador\u201d, expres\u00f3.<\/p>\n<p>Vidalina Morales, l\u00edder de una asociaci\u00f3n comunitaria del departamento de Caba\u00f1as y opositora a la miner\u00eda met\u00e1lica dijo a la AFP que la ley \u201cdebe servir para advertir a las mineras que hoy m\u00e1s que nunca la vida vale m\u00e1s que el oro\u201d. En ese sentido cosnider\u00f3 que las empresas \u201cdeben poner sus barbas en remojo todas esas empresas de miner\u00eda, El Salvador se ha defendido y eso ojal\u00e1 otros pueblos lo vean y lo imiten y no permitan que acaben con su agua, con su medio ambiente\u201d.<\/p>\n<p>&nbsp;<\/p>\n<p>fuente:\u00a0http:\/\/www.lr21.com.uy\/mundo\/1327208-salvador-mineria-metalica-ley-prohibicion-medio-ambiente<\/p>\n","protected":false},"excerpt":{"rendered":"<p>&nbsp; &nbsp; El Salvador se convirti\u00f3 la semana pasada en el primer pa\u00eds del mundo en prohibir la miner\u00eda de metales a nivel nacional en todas sus formas, luego de que los legisladores votaran una ley contraria a esa acci\u00f3n. La prohibici\u00f3n se produjo tras m\u00e1s de una d\u00e9cada de acci\u00f3n organizada basada principalmente contra<\/p>\n","protected":false},"author":13,"featured_media":10063,"comment_status":"closed","ping_status":"closed","sticky":false,"template":"","format":"standard","meta":{"footnotes":""},"categories":[236],"tags":[583,239],"class_list":["post-10062","post","type-post","status-publish","format-standard","has-post-thumbnail","hentry","category-news","tag-elsalvador","tag-mineria"],"aioseo_notices":[],"_links":{"self":[{"href":"https:\/\/tractopart.com\/sp\/wp-json\/wp\/v2\/posts\/10062","targetHints":{"allow":["GET"]}}],"collection":[{"href":"https:\/\/tractopart.com\/sp\/wp-json\/wp\/v2\/posts"}],"about":[{"href":"https:\/\/tractopart.com\/sp\/wp-json\/wp\/v2\/types\/post"}],"author":[{"embeddable":true,"href":"https:\/\/tractopart.com\/sp\/wp-json\/wp\/v2\/users\/13"}],"replies":[{"embeddable":true,"href":"https:\/\/tractopart.com\/sp\/wp-json\/wp\/v2\/comments?post=10062"}],"version-history":[{"count":1,"href":"https:\/\/tractopart.com\/sp\/wp-json\/wp\/v2\/posts\/10062\/revisions"}],"predecessor-version":[{"id":10064,"href":"https:\/\/tractopart.com\/sp\/wp-json\/wp\/v2\/posts\/10062\/revisions\/10064"}],"wp:featuredmedia":[{"embeddable":true,"href":"https:\/\/tractopart.com\/sp\/wp-json\/wp\/v2\/media\/10063"}],"wp:attachment":[{"href":"https:\/\/tractopart.com\/sp\/wp-json\/wp\/v2\/media?parent=10062"}],"wp:term":[{"taxonomy":"category","embeddable":true,"href":"https:\/\/tractopart.com\/sp\/wp-json\/wp\/v2\/categories?post=10062"},{"taxonomy":"post_tag","embeddable":true,"href":"https:\/\/tractopart.com\/sp\/wp-json\/wp\/v2\/tags?post=10062"}],"curies":[{"name":"wp","href":"https:\/\/api.w.org\/{rel}","templated":true}]}}